{"id":30370,"date":"2025-11-05T12:15:35","date_gmt":"2025-11-05T10:15:35","guid":{"rendered":"https:\/\/surt.org\/?p=30370"},"modified":"2025-11-05T12:18:28","modified_gmt":"2025-11-05T10:18:28","slug":"memoria-anual-2024-fundacion-surt","status":"publish","type":"post","link":"https:\/\/surt.org\/es\/memoria-anual-2024-fundacion-surt\/","title":{"rendered":"Memoria anual 2024 \u2013 Fundaci\u00f3n SURT"},"content":{"rendered":"<div data-elementor-type=\"wp-post\" data-elementor-id=\"30370\" class=\"elementor elementor-30370\">\n\t\t\t\t<div class=\"elementor-element elementor-element-8c6d81b e-flex e-con-boxed e-con e-parent\" data-id=\"8c6d81b\" data-element_type=\"container\">\n\t\t\t\t\t<div class=\"e-con-inner\">\n\t\t\t\t<div class=\"elementor-element elementor-element-cebd2d9 elementor-widget elementor-widget-hub_fancy_heading\" data-id=\"cebd2d9\" data-element_type=\"widget\" data-widget_type=\"hub_fancy_heading.default\">\n\t\t\t\t<div class=\"elementor-widget-container\">\n\t\t\t\t\t\n\t\t<div id=\"ld-fancy-heading-69f473b11e1c8\" class=\"ld-fancy-heading pos-rel\">\n\t\t\t<h2 class=\"ld-fh-element d-inline-block pos-rel  elementor-heading-title lqd-highlight-classic lqd-highlight-grow-left h2\"  > Hacemos balance del 2024, un a\u00f1o en el que han emergido reivindicaciones diversas en un contexto social complejo para la ciudadan\u00eda, cambios en las instituciones y un aumento de un discurso populista con un modelo social y pol\u00edtico anclado en el pasado.<\/h2>\t\t<\/div>\n\n\t\t\t\t\t\t<\/div>\n\t\t\t\t<\/div>\n\t\t\t\t\t<\/div>\n\t\t\t\t<\/div>\n\t\t<div class=\"elementor-element elementor-element-ae72bea e-flex e-con-boxed e-con e-parent\" data-id=\"ae72bea\" data-element_type=\"container\">\n\t\t\t\t\t<div class=\"e-con-inner\">\n\t\t<div class=\"elementor-element elementor-element-286a5a8 e-con-full e-flex e-con e-child\" data-id=\"286a5a8\" data-element_type=\"container\">\n\t\t\t\t<div class=\"elementor-element elementor-element-4833739 elementor-widget elementor-widget-text-editor\" data-id=\"4833739\" data-element_type=\"widget\" data-widget_type=\"text-editor.default\">\n\t\t\t\t<div class=\"elementor-widget-container\">\n\t\t\t\t\t\t\t\t\t<p>El a\u00f1o 2024 ha marcado el inicio de una nueva etapa despu\u00e9s de tres d\u00e9cadas de trayectoria. Hemos impulsado nuevos programas con \u00e9xito, manteniendo como eje central la <strong>perspectiva de g\u00e9nero y el protagonismo de las mujeres<\/strong>, en un contexto todav\u00eda marcado por graves desigualdades: la <strong>brecha salarial del 24%<\/strong>, el <strong>encarecimiento del coste de la vida<\/strong> y las <strong>dificultades de acceso a la vivienda<\/strong>.<\/p><p>Hemos consolidado los servicios de <strong>atenci\u00f3n a las violencias machistas<\/strong>, coincidiendo con la<strong> aprobaci\u00f3n del nuevo Pacto Nacional<\/strong> contra de estas violencias, que prev\u00e9 m\u00e1s recursos y una colaboraci\u00f3n m\u00e1s estrecha con las entidades, en un escenario donde el riesgo de pobreza tambi\u00e9n se sit\u00faa en un 24% y donde el tercer sector continuamos jugando un papel fundamental en la defensa de los derechos de todas las personas, especialmente de los de las mujeres e infancia con situaciones de vulnerabilidad.<\/p><p>Ante un contexto de transformaci\u00f3n tecnol\u00f3gica y precarizaci\u00f3n, desde SURT apostamos por la<strong> digitalizaci\u00f3n como herramienta de empoderamiento de las mujeres<\/strong>, trabajando d\u00eda detr\u00e1s d\u00eda para <strong>reducir la brecha digital<\/strong> y abrir nuevas <strong>oportunidades profesionales para todas<\/strong>.<\/p><p>Mirando hacia el futuro, nos proponemos enfrentarnos a nuevos retos con energ\u00eda y compromiso, reforzando alianzas, garantizando la sostenibilidad econ\u00f3mica e innovando en proyectos que contin\u00faen situando las mujeres en el centro de una sociedad m\u00e1s justa y equitativa.<\/p><p style=\"text-align: right;\"><span style=\"color: #ff00ff;\"><strong><em>Hacemos camino en tiempos de cambios.<\/em><\/strong><\/span><\/p>\t\t\t\t\t\t\t\t<\/div>\n\t\t\t\t<\/div>\n\t\t\t\t<\/div>\n\t\t\t\t\t<\/div>\n\t\t\t\t<\/div>\n\t\t<div class=\"elementor-element elementor-element-504a588 e-flex e-con-boxed e-con e-parent\" data-id=\"504a588\" data-element_type=\"container\">\n\t\t\t\t\t<div class=\"e-con-inner\">\n\t\t<div class=\"elementor-element elementor-element-b1a8a27 e-con-full e-flex e-con e-child\" data-id=\"b1a8a27\" data-element_type=\"container\">\n\t\t\t\t<div class=\"elementor-element elementor-element-17b1140 elementor-widget elementor-widget-image\" data-id=\"17b1140\" data-element_type=\"widget\" data-widget_type=\"image.default\">\n\t\t\t\t<div class=\"elementor-widget-container\">\n\t\t\t\t\t\t\t\t\t\t\t\t\t\t\t<img fetchpriority=\"high\" decoding=\"async\" width=\"768\" height=\"408\" src=\"data:image\/svg+xml;charset=utf-8,%3Csvg xmlns%3D&#039;http%3A%2F%2Fwww.w3.org%2F2000%2Fsvg&#039; viewBox%3D&#039;0 0  &#039;%2F%3E\" class=\"attachment-medium_large size-medium_large wp-image-30352 ld-lazyload\" alt=\"\" data-src=\"https:\/\/surt.org\/wp-content\/uploads\/2025\/11\/gestio-del-coneixement-e1762336603881-768x408.png\" data-srcset=\"https:\/\/surt.org\/wp-content\/uploads\/2025\/11\/gestio-del-coneixement-e1762336603881-768x408.png 768w, https:\/\/surt.org\/wp-content\/uploads\/2025\/11\/gestio-del-coneixement-e1762336603881-300x159.png 300w, https:\/\/surt.org\/wp-content\/uploads\/2025\/11\/gestio-del-coneixement-e1762336603881-1024x544.png 1024w, https:\/\/surt.org\/wp-content\/uploads\/2025\/11\/gestio-del-coneixement-e1762336603881-18x10.png 18w, https:\/\/surt.org\/wp-content\/uploads\/2025\/11\/gestio-del-coneixement-e1762336603881-1536x817.png 1536w, https:\/\/surt.org\/wp-content\/uploads\/2025\/11\/gestio-del-coneixement-e1762336603881-2048x1089.png 2048w\" data-sizes=\"(max-width: 768px) 100vw, 768px\" data-aspect=\"\" \/>\t\t\t\t\t\t\t\t\t\t\t\t\t\t\t<\/div>\n\t\t\t\t<\/div>\n\t\t\t\t<\/div>\n\t\t<div class=\"elementor-element elementor-element-3031818 e-con-full e-flex e-con e-child\" data-id=\"3031818\" data-element_type=\"container\">\n\t\t\t\t<div data-parallax=\"true\" data-parallax-options=\"{&quot;ease&quot;:[&quot;linear&quot;],&quot;start&quot;:&quot;top bottom&quot;,&quot;end&quot;:&quot;bottom+=0px top&quot;}\" data-parallax-from=\"{&quot;transformOrigin&quot;:&quot;50% 50% 0px&quot;}\" data-parallax-to=\"{&quot;transformOrigin&quot;:&quot;50% 50% 0px&quot;}\" class=\"elementor-element elementor-element-422bb48 elementor-button-warning elementor-align-justify elementor-widget elementor-widget-button\" data-id=\"422bb48\" data-element_type=\"widget\" data-widget_type=\"button.default\">\n\t\t\t\t<div class=\"elementor-widget-container\">\n\t\t\t\t\t\t\t\t\t<div class=\"elementor-button-wrapper\">\n\t\t\t\t\t<a class=\"elementor-button elementor-button-link elementor-size-sm\" href=\"https:\/\/surt.org\/wp-content\/uploads\/2025\/11\/memoria-2024-web.pdf\">\n\t\t\t\t\t\t<span class=\"elementor-button-content-wrapper\">\n\t\t\t\t\t\t<span class=\"elementor-button-icon\">\n\t\t\t\t<svg aria-hidden=\"true\" class=\"e-font-icon-svg e-far-bookmark\" viewbox=\"0 0 384 512\" xmlns=\"http:\/\/www.w3.org\/2000\/svg\"><path d=\"M336 0H48C21.49 0 0 21.49 0 48v464l192-112 192 112V48c0-26.51-21.49-48-48-48zm0 428.43l-144-84-144 84V54a6 6 0 0 1 6-6h276c3.314 0 6 2.683 6 5.996V428.43z\"><\/path><\/svg>\t\t\t<\/span>\n\t\t\t\t\t\t\t\t\t<span class=\"elementor-button-text\">Accede a nuestra MEMORIA 2024<\/span>\n\t\t\t\t\t<\/span>\n\t\t\t\t\t<\/a>\n\t\t\t\t<\/div>\n\t\t\t\t\t\t\t\t<\/div>\n\t\t\t\t<\/div>\n\t\t\t\t<\/div>\n\t\t\t\t\t<\/div>\n\t\t\t\t<\/div>\n\t\t\t\t<\/div>","protected":false},"excerpt":{"rendered":"<p>Hacemos balance del 2024, un a\u00f1o en el que han emergido reivindicaciones diversas en un contexto social complejo para la ciudadan\u00eda, cambios en las instituciones y un aumento de un discurso populista con un modelo social y pol\u00edtico anclado en el pasado. El a\u00f1o 2024 ha marcado el inicio de una nueva etapa despu\u00e9s de [&hellip;]<\/p>","protected":false},"author":5,"featured_media":30350,"comment_status":"open","ping_status":"closed","sticky":false,"template":"","format":"standard","meta":{"footnotes":""},"categories":[81],"tags":[],"class_list":["post-30370","post","type-post","status-publish","format-standard","has-post-thumbnail","hentry","category-actualidad-es"],"_links":{"self":[{"href":"https:\/\/surt.org\/es\/wp-json\/wp\/v2\/posts\/30370","targetHints":{"allow":["GET"]}}],"collection":[{"href":"https:\/\/surt.org\/es\/wp-json\/wp\/v2\/posts"}],"about":[{"href":"https:\/\/surt.org\/es\/wp-json\/wp\/v2\/types\/post"}],"author":[{"embeddable":true,"href":"https:\/\/surt.org\/es\/wp-json\/wp\/v2\/users\/5"}],"replies":[{"embeddable":true,"href":"https:\/\/surt.org\/es\/wp-json\/wp\/v2\/comments?post=30370"}],"version-history":[{"count":4,"href":"https:\/\/surt.org\/es\/wp-json\/wp\/v2\/posts\/30370\/revisions"}],"predecessor-version":[{"id":30387,"href":"https:\/\/surt.org\/es\/wp-json\/wp\/v2\/posts\/30370\/revisions\/30387"}],"wp:featuredmedia":[{"embeddable":true,"href":"https:\/\/surt.org\/es\/wp-json\/wp\/v2\/media\/30350"}],"wp:attachment":[{"href":"https:\/\/surt.org\/es\/wp-json\/wp\/v2\/media?parent=30370"}],"wp:term":[{"taxonomy":"category","embeddable":true,"href":"https:\/\/surt.org\/es\/wp-json\/wp\/v2\/categories?post=30370"},{"taxonomy":"post_tag","embeddable":true,"href":"https:\/\/surt.org\/es\/wp-json\/wp\/v2\/tags?post=30370"}],"curies":[{"name":"wp","href":"https:\/\/api.w.org\/{rel}","templated":true}]}}