{"id":23555,"date":"2020-06-26T14:54:57","date_gmt":"2020-06-26T13:54:57","guid":{"rendered":"https:\/\/www.surt.org\/?p=13701"},"modified":"2024-08-23T14:23:35","modified_gmt":"2024-08-23T12:23:35","slug":"necesitamos-subvertir-la-vieja-realidad-y-construir-un-presente-con-vidas-habitables","status":"publish","type":"post","link":"https:\/\/surt.org\/es\/necesitamos-subvertir-la-vieja-realidad-y-construir-un-presente-con-vidas-habitables\/","title":{"rendered":"&#8220;Necesitamos subvertir la vieja realidad y construir un presente con vidas habitables&#8221;"},"content":{"rendered":"<div class=\"wp-block-image\">\n<figure class=\"aligncenter size-full\"><img fetchpriority=\"high\" decoding=\"async\" width=\"876\" height=\"493\" src=\"https:\/\/surt.org\/wp-content\/uploads\/2020\/06\/captura-5-1.png\" alt=\"\" class=\"wp-image-25011\" srcset=\"https:\/\/surt.org\/wp-content\/uploads\/2020\/06\/captura-5-1.png 876w, https:\/\/surt.org\/wp-content\/uploads\/2020\/06\/captura-5-1-300x169.png 300w, https:\/\/surt.org\/wp-content\/uploads\/2020\/06\/captura-5-1-18x10.png 18w\" sizes=\"(max-width: 876px) 100vw, 876px\" \/><\/figure>\n<\/div>\n\n\n<h2 class=\"wp-block-heading\">&#8220;Necesitamos subvertir la vieja realidad y construir un presente con vidas habitables&#8221;<\/h2>\n\n\n<p>Surt ha organizado un di\u00e1logo para reflexionar sobre la reconstrucci\u00f3n social que requiere la crisis desencadenada por la Covid-19 de forma que los trabajos de cuidados sean situados en el centro.<\/p>\n<p>Han participado Roc\u00edo Echeverr\u00eda, trabajadora del hogar y activista de Sindillar, Ana Teresa V\u00e9lez, integrante de la concejal\u00eda colectiva del movimiento pol\u00edtico de mujeres de Medell\u00edn Estamos listas, Marta Nieto, codirectora de la Muestra de Films de Mujeres, y Fina Rubio, antrop\u00f3loga y presidenta de Surt.<\/p>\n<p>En el encuentro virtual, Rubio ha planteado el momento actual como un pulso, en el que &#8220;por un lado, los grandes poderes intentar\u00e1n que volvemos a la vieja normalidad, mientras que al extremo opuesto hay la voluntad de sectores sociales cada vez m\u00e1s amplios de evidenciar la anormalidad econ\u00f3mica de que venimos y la necesidad vital, porque nos va la vida en ello, de subvertir aquella vieja realidad y construir un presente y un futuro de vidas habitables, que merezcan la pena ser vividas&#8221;.<\/p>\n<p>&#8220;Los trabajos en torno al cuidado son los m\u00e1s precaritzados, los que m\u00e1s est\u00e1n sufriendo la pandemia, y es donde m\u00e1s estamos las mujeres, porque cuidar es una funci\u00f3n que se nos ha impuesto como &#8216;natural&#8217;, cuando tendr\u00eda que ser desde la libertad, no desde la imposici\u00f3n y el empobrecimiento que genera asumir el cuidado de criaturas y personas mayores&#8221;, ha planteado V\u00e9lez.<\/p>\n<p>&#8220;Manifiestos, informes, propuestas&#8230; hace a\u00f1os que se hacen y es necesario pol\u00edticas p\u00fablicas con cambios profundos, como es la derogaci\u00f3n de la ley de extranjer\u00eda, que hasta ahora nos somete a un nicho de trabajo muy precario, como es el trabajo del hogar y los cuidados en r\u00e9gimen de internas, con la esperanza de conseguir regularizar los papeles&#8221;, ha puesto sobre la mesa Echeverr\u00eda.<\/p>\n<p>Durante el di\u00e1logo, se ha proyectado el corto documental &#8216;Organizar lo (im)posible&#8217;, dirigido por Carme Gomila y Tonina Matamalas, que relata la lucha laboral de Las Kellys, las trabajadoras de la limpieza de los hoteles. &#8220;El mensaje es muy claro: la vida no funcionar\u00eda sin las tareas reproductivas, sin los trabajos que se ponen al servicio de sostenerla&#8221;, ha planteado Nieto, para quien &#8220;este planteamiento tiene que ser un centro de actuaci\u00f3n y de preocupaci\u00f3n de las mujeres en el audiovisual&#8221;.<\/p>\n<p>Pod\u00e9is recuperar el di\u00e1logo:<\/p>\n<p><iframe title=\"El treball de cures en la reconstrucci\u00f3\" width=\"780\" height=\"439\" src=\"https:\/\/www.youtube.com\/embed\/0lh4pRVFkyw?feature=oembed\" frameborder=\"0\" allow=\"accelerometer; autoplay; clipboard-write; encrypted-media; gyroscope; picture-in-picture; web-share\" referrerpolicy=\"strict-origin-when-cross-origin\" allowfullscreen><\/iframe><\/p>","protected":false},"excerpt":{"rendered":"<p>&#8220;Necesitamos subvertir la vieja realidad y construir un presente con vidas habitables&#8221; Surt ha organizado un di\u00e1logo para reflexionar sobre la reconstrucci\u00f3n social que requiere la crisis desencadenada por la Covid-19 de forma que los trabajos de cuidados sean situados en el centro. Han participado Roc\u00edo Echeverr\u00eda, trabajadora del hogar y activista de Sindillar, Ana [&hellip;]<\/p>","protected":false},"author":1,"featured_media":0,"comment_status":"open","ping_status":"closed","sticky":false,"template":"","format":"standard","meta":{"footnotes":""},"categories":[81],"tags":[],"class_list":["post-23555","post","type-post","status-publish","format-standard","hentry","category-actualidad-es"],"_links":{"self":[{"href":"https:\/\/surt.org\/es\/wp-json\/wp\/v2\/posts\/23555","targetHints":{"allow":["GET"]}}],"collection":[{"href":"https:\/\/surt.org\/es\/wp-json\/wp\/v2\/posts"}],"about":[{"href":"https:\/\/surt.org\/es\/wp-json\/wp\/v2\/types\/post"}],"author":[{"embeddable":true,"href":"https:\/\/surt.org\/es\/wp-json\/wp\/v2\/users\/1"}],"replies":[{"embeddable":true,"href":"https:\/\/surt.org\/es\/wp-json\/wp\/v2\/comments?post=23555"}],"version-history":[{"count":4,"href":"https:\/\/surt.org\/es\/wp-json\/wp\/v2\/posts\/23555\/revisions"}],"predecessor-version":[{"id":25094,"href":"https:\/\/surt.org\/es\/wp-json\/wp\/v2\/posts\/23555\/revisions\/25094"}],"wp:attachment":[{"href":"https:\/\/surt.org\/es\/wp-json\/wp\/v2\/media?parent=23555"}],"wp:term":[{"taxonomy":"category","embeddable":true,"href":"https:\/\/surt.org\/es\/wp-json\/wp\/v2\/categories?post=23555"},{"taxonomy":"post_tag","embeddable":true,"href":"https:\/\/surt.org\/es\/wp-json\/wp\/v2\/tags?post=23555"}],"curies":[{"name":"wp","href":"https:\/\/api.w.org\/{rel}","templated":true}]}}