{"id":23553,"date":"2020-07-03T14:37:38","date_gmt":"2020-07-03T13:37:38","guid":{"rendered":"https:\/\/www.surt.org\/?p=13689"},"modified":"2024-08-23T14:26:39","modified_gmt":"2024-08-23T12:26:39","slug":"surt-ofereix-suport-per-sol%c2%b7licitar-lingres-minim-vital-davant-la-previsio-de-dificultats-de-moltes-families-per-tramitar-la-nova-prestacio-2","status":"publish","type":"post","link":"https:\/\/surt.org\/es\/surt-ofereix-suport-per-sol%c2%b7licitar-lingres-minim-vital-davant-la-previsio-de-dificultats-de-moltes-families-per-tramitar-la-nova-prestacio-2\/","title":{"rendered":"Surt ofrece apoyo para solicitar el ingreso m\u00ednimo vital ante la previsi\u00f3n de dificultades de muchas familias para tramitar la nueva prestaci\u00f3n"},"content":{"rendered":"<div class=\"wp-block-image\">\n<figure class=\"aligncenter size-full\"><img fetchpriority=\"high\" decoding=\"async\" width=\"567\" height=\"397\" src=\"https:\/\/surt.org\/wp-content\/uploads\/2020\/07\/suport-ingrs-mnim-vital2-1.png\" alt=\"\" class=\"wp-image-25021\" srcset=\"https:\/\/surt.org\/wp-content\/uploads\/2020\/07\/suport-ingrs-mnim-vital2-1.png 567w, https:\/\/surt.org\/wp-content\/uploads\/2020\/07\/suport-ingrs-mnim-vital2-1-300x210.png 300w, https:\/\/surt.org\/wp-content\/uploads\/2020\/07\/suport-ingrs-mnim-vital2-1-18x12.png 18w\" sizes=\"(max-width: 567px) 100vw, 567px\" \/><\/figure>\n<\/div>\n\n\n<h2 class=\"wp-block-heading\">Surt ofrece apoyo para solicitar el ingreso m\u00ednimo vital ante la previsi\u00f3n de dificultades de muchas familias para tramitar la nueva prestaci\u00f3n<\/h2>\n\n\n<p>Surt empezar\u00e1 a ofrecer apoyo para solicitar el ingreso m\u00ednimo vital a partir del lunes 6 de julio. Ante las dificultades y dudas que la entidad prev\u00e9 que muchas familias tendr\u00e1n para solicitar esta nueva prestaci\u00f3n, contar\u00e1 con voluntarias de ESADE para informar y ayudar en la tramitaci\u00f3n.<\/p>\n<p>La crisis desencadenada a ra\u00edz de la pandemia de Covid-19 ha llevado al Gobierno espa\u00f1ol ha desarrollar esta renta, que garantiza 462 euros al mes a personas adultas que viven solas y 139 euros m\u00e1s por cada adulta o menor adicional dentro de la unidad de convivencia, hasta un m\u00e1ximo de 1.015 euros al mes. En el caso de las familias monoparentales, se a\u00f1ade un complemento de 100 euros mensuales. El acceso a la ayuda depender\u00e1 del nivel de ingresos y del patrimonio de la persona que lo solicite.<\/p>\n<p><strong><a href=\"https:\/\/imv.seg-social.es\/\" target=\"_blank\" rel=\"noopener noreferrer\">Pueden solicitar la prestaci\u00f3n\u00a0 <\/a><\/strong>personas entre 23 y 65 a\u00f1os o bien desde los 18 si la solicitante tiene menores a cargo. Otro requisito marcado por el Gobierno espa\u00f1ol es que las solicitantes traigan, al menos, un a\u00f1o de residencia legal en el Estado, condici\u00f3n que deja fuera del acceso al ingreso m\u00ednimo vital a decenas de miles de personas que viven en situaci\u00f3n administrativa irregular.<\/p>\n<p>Para pedir apoyo para tramitar la ayuda, hay que pedir cita al <strong>93 342 83 80<\/strong> o bien a <strong>imv@surt.org\u00a0<\/strong><\/p>\n<p>Puedes consultar algunas <strong><a href=\"https:\/\/www.surt.org\/wp-content\/uploads\/2020\/08\/surt-preguntes-i-respostes-imv.pdf\" target=\"_blank\" rel=\"noopener noreferrer\">preguntas frecuentes sobre esta nueva prestaci\u00f3n.<\/a> <\/strong><\/p>\n<p>&nbsp;<\/p>\n<p><img decoding=\"async\" class=\"aligncenter\" src=\"https:\/\/pbs.twimg.com\/media\/ElakDGiXUAQbf1p?format=png&amp;name=small\" alt=\"Imatge\" \/><\/p>","protected":false},"excerpt":{"rendered":"<p>Surt ofrece apoyo para solicitar el ingreso m\u00ednimo vital ante la previsi\u00f3n de dificultades de muchas familias para tramitar la nueva prestaci\u00f3n Surt empezar\u00e1 a ofrecer apoyo para solicitar el ingreso m\u00ednimo vital a partir del lunes 6 de julio. Ante las dificultades y dudas que la entidad prev\u00e9 que muchas familias tendr\u00e1n para solicitar [&hellip;]<\/p>","protected":false},"author":1,"featured_media":0,"comment_status":"open","ping_status":"closed","sticky":false,"template":"","format":"standard","meta":{"footnotes":""},"categories":[81],"tags":[],"class_list":["post-23553","post","type-post","status-publish","format-standard","hentry","category-actualidad-es"],"_links":{"self":[{"href":"https:\/\/surt.org\/es\/wp-json\/wp\/v2\/posts\/23553","targetHints":{"allow":["GET"]}}],"collection":[{"href":"https:\/\/surt.org\/es\/wp-json\/wp\/v2\/posts"}],"about":[{"href":"https:\/\/surt.org\/es\/wp-json\/wp\/v2\/types\/post"}],"author":[{"embeddable":true,"href":"https:\/\/surt.org\/es\/wp-json\/wp\/v2\/users\/1"}],"replies":[{"embeddable":true,"href":"https:\/\/surt.org\/es\/wp-json\/wp\/v2\/comments?post=23553"}],"version-history":[{"count":3,"href":"https:\/\/surt.org\/es\/wp-json\/wp\/v2\/posts\/23553\/revisions"}],"predecessor-version":[{"id":25022,"href":"https:\/\/surt.org\/es\/wp-json\/wp\/v2\/posts\/23553\/revisions\/25022"}],"wp:attachment":[{"href":"https:\/\/surt.org\/es\/wp-json\/wp\/v2\/media?parent=23553"}],"wp:term":[{"taxonomy":"category","embeddable":true,"href":"https:\/\/surt.org\/es\/wp-json\/wp\/v2\/categories?post=23553"},{"taxonomy":"post_tag","embeddable":true,"href":"https:\/\/surt.org\/es\/wp-json\/wp\/v2\/tags?post=23553"}],"curies":[{"name":"wp","href":"https:\/\/api.w.org\/{rel}","templated":true}]}}