{"id":22952,"date":"2024-05-15T08:01:43","date_gmt":"2024-05-15T07:01:43","guid":{"rendered":"https:\/\/www.surt.org\/sin-categorizar\/acte-final-community-linkage\/"},"modified":"2024-08-29T13:17:04","modified_gmt":"2024-08-29T11:17:04","slug":"acte-final-community-linkage-3","status":"publish","type":"post","link":"https:\/\/surt.org\/es\/acte-final-community-linkage-3\/","title":{"rendered":"Acto final del Community Linkage"},"content":{"rendered":"<h2 class=\"wp-block-heading\">Acto final del Community Linkage<\/h2>\n\n\n<p>Despu\u00e9s de dos a\u00f1os trabajando en el v\u00ednculo efectivo entre los servicios de atenci\u00f3n a las violencias machistas y las redes comunitarias de diferentes territorios europeos, el <strong>Community Linkage<\/strong> cierra con un acto final el <strong>13 de junio<\/strong>, en el sal\u00f3n de actos de Rosa Sensat (Avda. Drassanes, 3 Barcelona), de 10 ha 14 h.<\/p>\n<p>En el acto final del proyecto europeo <strong>&#8220;Community Linkage: entre las reflexiones de las mujeres participantes y los an\u00e1lisis de los equipos dinamizadores&#8221;<\/strong>, las mujeres participantes de los diversos pa\u00edses partners (Italia, Grecia, Eslovenia y Catalu\u00f1a) conversar\u00e1n sobre c\u00f3mo han vivido el proyecto , cu\u00e1les son los principales escollos a la hora de conectarse con los servicios y qu\u00e9 tipo de cambios deber\u00edan generarse para que el prop\u00f3sito principal del proyecto se pueda materializar.<\/p>\n<p>Para recoger los an\u00e1lisis fundamentales, contextualizados y los retos sorteados en el transcurso del proceso, se llevar\u00e1 a cabo una mesa redonda con una persona representante del partenariado de cada pa\u00eds. Tejiendo los diferentes relatos se pondr\u00e1 sobre la mesa la realidad que viven las mujeres migrantes del proyecto en relaci\u00f3n a los servicios que transitan en su cotidianidad.<\/p>\n<p>Para asistir al acto final, es necesario <strong>inscribirse<\/strong>:<\/p>\n<p><a href=\"https:\/\/docs.google.com\/forms\/d\/e\/1FAIpQLScWitb06lFZ_wKNUes7LGms_cPBkiToEPMAyycCmFm1l61q2g\/viewform?usp=sf_link\" target=\"_blank\" rel=\"noopener\"><img decoding=\"async\" class=\"alignnone wp-image-22481 size-medium\" src=\"https:\/\/www.surt.org\/wp-content\/uploads\/2024\/04\/boto_inscripcions-300x150.png\" alt=\"\" width=\"300\" height=\"150\" \/><\/a><img fetchpriority=\"high\" decoding=\"async\" class=\"alignnone wp-image-22746\" src=\"https:\/\/www.surt.org\/wp-content\/uploads\/2024\/04\/community-linkage_1-300x166.png\" alt=\"\" width=\"356\" height=\"197\" \/><\/p>\n<p>La Fundaci\u00f3n Surt se ha implicado, de 2022 a 2024, con la creaci\u00f3n de un espacio de apoyo y formaci\u00f3n ante las violencias machistas de un grupo de mujeres migradas del barrio de Sant Roc (Badalona). El objetivo ha sido fortalecer su agencia propia, que se conviertan en agentes de cambio por su entorno y proponer mejoras a los servicios especializados del municipio donde viven.<\/p>\n<p>Community Linkage es una iniciativa financiada por el Fondo Europeo y en la que participamos 4 entidades y centros de investigaci\u00f3n de Italia (CESIE), Grecia (Diotima), Eslovenia (ZRS Koper) y Catalunya Fundaci\u00f3 Surt).<\/p>\n<h6>Project: 101049734 \u2014 CommunityLinkage \u2014 CERV-2021-DAPHNE Co-financed by the CERV Programme of the EU<\/h6>","protected":false},"excerpt":{"rendered":"<p>Acto final del Community Linkage Despu\u00e9s de dos a\u00f1os trabajando en el v\u00ednculo efectivo entre los servicios de atenci\u00f3n a las violencias machistas y las redes comunitarias de diferentes territorios europeos, el Community Linkage cierra con un acto final el 13 de junio, en el sal\u00f3n de actos de Rosa Sensat (Avda. Drassanes, 3 Barcelona), [&hellip;]<\/p>","protected":false},"author":1,"featured_media":0,"comment_status":"open","ping_status":"closed","sticky":false,"template":"","format":"standard","meta":{"footnotes":""},"categories":[81],"tags":[2603,2528,2606,2531],"class_list":["post-22952","post","type-post","status-publish","format-standard","hentry","category-actualidad-es","tag-acte-es-es","tag-community-linkage-es-es","tag-empoderament-comunitari-es-es","tag-projecte-europeu-es-es"],"_links":{"self":[{"href":"https:\/\/surt.org\/es\/wp-json\/wp\/v2\/posts\/22952","targetHints":{"allow":["GET"]}}],"collection":[{"href":"https:\/\/surt.org\/es\/wp-json\/wp\/v2\/posts"}],"about":[{"href":"https:\/\/surt.org\/es\/wp-json\/wp\/v2\/types\/post"}],"author":[{"embeddable":true,"href":"https:\/\/surt.org\/es\/wp-json\/wp\/v2\/users\/1"}],"replies":[{"embeddable":true,"href":"https:\/\/surt.org\/es\/wp-json\/wp\/v2\/comments?post=22952"}],"version-history":[{"count":1,"href":"https:\/\/surt.org\/es\/wp-json\/wp\/v2\/posts\/22952\/revisions"}],"predecessor-version":[{"id":26361,"href":"https:\/\/surt.org\/es\/wp-json\/wp\/v2\/posts\/22952\/revisions\/26361"}],"wp:attachment":[{"href":"https:\/\/surt.org\/es\/wp-json\/wp\/v2\/media?parent=22952"}],"wp:term":[{"taxonomy":"category","embeddable":true,"href":"https:\/\/surt.org\/es\/wp-json\/wp\/v2\/categories?post=22952"},{"taxonomy":"post_tag","embeddable":true,"href":"https:\/\/surt.org\/es\/wp-json\/wp\/v2\/tags?post=22952"}],"curies":[{"name":"wp","href":"https:\/\/api.w.org\/{rel}","templated":true}]}}