{"id":22315,"date":"2024-03-20T07:55:19","date_gmt":"2024-03-20T06:55:19","guid":{"rendered":"https:\/\/www.surt.org\/sin-categorizar\/21-marc-dia-internacional-eliminacio-discriminacio-racial\/"},"modified":"2024-08-29T12:12:03","modified_gmt":"2024-08-29T10:12:03","slug":"21-marc-dia-internacional-eliminacio-discriminacio-racial-2","status":"publish","type":"post","link":"https:\/\/surt.org\/es\/21-marc-dia-internacional-eliminacio-discriminacio-racial-2\/","title":{"rendered":"21 de marzo, D\u00eda Internacional de la eliminaci\u00f3n de la discriminaci\u00f3n racial"},"content":{"rendered":"<h2 class=\"wp-block-heading\">21 de marzo, D\u00eda Internacional de la eliminaci\u00f3n de la discriminaci\u00f3n racial<\/h2>\n\n\n<p id=\"tw-target-text\" class=\"tw-data-text tw-text-large tw-ta\" dir=\"ltr\" data-placeholder=\"Traducci\u00f3\" aria-label=\"Text tradu\u00eft\" data-ved=\"2ahUKEwih4_ud6YKFAxUXXUEAHZ3GCYEQ3ewLegQICRAU\"><span class=\"Y2IQFc\" lang=\"es\">El <b>21 de marzo<\/b> celebramos el <b>D\u00eda Internacional de la eliminaci\u00f3n de la discriminaci\u00f3n racial.<\/b> La diversidad, la equidad de g\u00e9nero y el antiracismo forman parte de los valores y la pr\u00e1ctica de la Fundaci\u00f3n Surt. <\/span><\/p>\n<p class=\"tw-data-text tw-text-large tw-ta\" dir=\"ltr\" data-placeholder=\"Traducci\u00f3\" aria-label=\"Text tradu\u00eft\" data-ved=\"2ahUKEwih4_ud6YKFAxUXXUEAHZ3GCYEQ3ewLegQICRAU\"><span class=\"Y2IQFc\" lang=\"es\">Sira Vilardell, directora General de Surt, recuerda que \u201cla <a href=\"https:\/\/portaljuridic.gencat.cat\/ca\/document-del-pjur\/?documentId=890227\"><strong>ley 19\/2020, de 30 de diciembre, de igualdad de trato y no discriminaci\u00f3n<\/strong><\/a>, recoge de forma clara que el racismo no tiene cabida en nuestro pa\u00eds. Es necesario avanzar hacia una igualdad real, sin discriminaciones de ning\u00fan tipo, para llegar a vivir en una sociedad realmente libre\u201d <\/span><\/p>\n<p class=\"tw-data-text tw-text-large tw-ta\" dir=\"ltr\" data-placeholder=\"Traducci\u00f3\" aria-label=\"Text tradu\u00eft\" data-ved=\"2ahUKEwih4_ud6YKFAxUXXUEAHZ3GCYEQ3ewLegQICRAU\"><span class=\"Y2IQFc\" lang=\"es\">El racismo, la xenofobia y la discriminaci\u00f3n racial, son actitudes que tratan de minorizado y excluir a personas oa colectivo enteros por motivos raciales. Es por este motivo que este pasado fin de semana nos sumamos a la manifestaci\u00f3n del 16 de marzo &#8220;Un\u00e1monos por un mundo sin el racismo ni el fascismo&#8221; convocada por <a href=\"https:\/\/ucfr.cat\/\"><span style=\"font-family: Georgia-regular;\"><strong><span style=\"color: blue;\">Unitat contra el feixisme i el Racisme (UCFR)<\/span><\/strong><\/span><\/a> en Barcelona. <\/span><\/p>\n<p class=\"tw-data-text tw-text-large tw-ta\" dir=\"ltr\" data-placeholder=\"Traducci\u00f3\" aria-label=\"Text tradu\u00eft\" data-ved=\"2ahUKEwih4_ud6YKFAxUXXUEAHZ3GCYEQ3ewLegQICRAU\"><span class=\"Y2IQFc\" lang=\"es\">Vilardell destaca que \u201chay que seguir trabajando con los valores de equidad de g\u00e9nero, inclusi\u00f3n, solidaridad y transformaci\u00f3n social, as\u00ed como desde una perspectiva intercultural. Somos y queremos ser una sociedad inclusiva. Por eso debemos acabar con el racismo, la xenofobia y todo tipo de discriminaciones, as\u00ed como con los discursos de odio que las fomentan. Es necesario un cambio de mirada, rompiendo con los estereotipos y prejuicios raciales.\u201d<\/span><\/p>","protected":false},"excerpt":{"rendered":"<p>21 de marzo, D\u00eda Internacional de la eliminaci\u00f3n de la discriminaci\u00f3n racial El 21 de marzo celebramos el D\u00eda Internacional de la eliminaci\u00f3n de la discriminaci\u00f3n racial. La diversidad, la equidad de g\u00e9nero y el antiracismo forman parte de los valores y la pr\u00e1ctica de la Fundaci\u00f3n Surt. Sira Vilardell, directora General de Surt, recuerda [&hellip;]<\/p>","protected":false},"author":1,"featured_media":0,"comment_status":"open","ping_status":"closed","sticky":false,"template":"","format":"standard","meta":{"footnotes":""},"categories":[81],"tags":[2459,2462,2465,2468,2471],"class_list":["post-22315","post","type-post","status-publish","format-standard","hentry","category-actualidad-es","tag-21-de-marc-es-es","tag-antiracisme-es-es","tag-dia-internacional-de-leliminacio-de-la-discriminacio-racial-es-es","tag-discriminacio-es-2-es","tag-racisme-es-es"],"_links":{"self":[{"href":"https:\/\/surt.org\/es\/wp-json\/wp\/v2\/posts\/22315","targetHints":{"allow":["GET"]}}],"collection":[{"href":"https:\/\/surt.org\/es\/wp-json\/wp\/v2\/posts"}],"about":[{"href":"https:\/\/surt.org\/es\/wp-json\/wp\/v2\/types\/post"}],"author":[{"embeddable":true,"href":"https:\/\/surt.org\/es\/wp-json\/wp\/v2\/users\/1"}],"replies":[{"embeddable":true,"href":"https:\/\/surt.org\/es\/wp-json\/wp\/v2\/comments?post=22315"}],"version-history":[{"count":1,"href":"https:\/\/surt.org\/es\/wp-json\/wp\/v2\/posts\/22315\/revisions"}],"predecessor-version":[{"id":26259,"href":"https:\/\/surt.org\/es\/wp-json\/wp\/v2\/posts\/22315\/revisions\/26259"}],"wp:attachment":[{"href":"https:\/\/surt.org\/es\/wp-json\/wp\/v2\/media?parent=22315"}],"wp:term":[{"taxonomy":"category","embeddable":true,"href":"https:\/\/surt.org\/es\/wp-json\/wp\/v2\/categories?post=22315"},{"taxonomy":"post_tag","embeddable":true,"href":"https:\/\/surt.org\/es\/wp-json\/wp\/v2\/tags?post=22315"}],"curies":[{"name":"wp","href":"https:\/\/api.w.org\/{rel}","templated":true}]}}