{"id":21251,"date":"2023-11-23T12:28:38","date_gmt":"2023-11-23T11:28:38","guid":{"rendered":"https:\/\/www.surt.org\/?p=21251"},"modified":"2024-09-28T13:35:00","modified_gmt":"2024-09-28T11:35:00","slug":"21251-2","status":"publish","type":"post","link":"https:\/\/surt.org\/es\/21251-2\/","title":{"rendered":"&#8220;Sobrevivir a los campos de fresas&#8221; en Matar\u00f3"},"content":{"rendered":"<figure class=\"wp-block-image size-large\"><img fetchpriority=\"high\" decoding=\"async\" width=\"576\" height=\"1024\" src=\"https:\/\/surt.org\/wp-content\/uploads\/2023\/11\/cartell-maduixa_nou_page-0001-scaled-1-576x1024.jpg\" alt=\"\" class=\"wp-image-27090\" srcset=\"https:\/\/surt.org\/wp-content\/uploads\/2023\/11\/cartell-maduixa_nou_page-0001-scaled-1-576x1024.jpg 576w, https:\/\/surt.org\/wp-content\/uploads\/2023\/11\/cartell-maduixa_nou_page-0001-scaled-1-169x300.jpg 169w, https:\/\/surt.org\/wp-content\/uploads\/2023\/11\/cartell-maduixa_nou_page-0001-scaled-1-7x12.jpg 7w, https:\/\/surt.org\/wp-content\/uploads\/2023\/11\/cartell-maduixa_nou_page-0001-scaled-1.jpg 1440w\" sizes=\"(max-width: 576px) 100vw, 576px\" \/><\/figure>\n\n\n\n<h2 class=\"wp-block-heading\">&#8220;Sobrevivir a los campos de fresas&#8221; en Matar\u00f3<\/h2>\n\n\n<p>Hasta el pr\u00f3ximo 28 de noviembre se puede visitar la exposici\u00f3n \u201cSobrevivir a los campos de fresas\u201d en Matar\u00f3.<\/p>\n<p>La exposici\u00f3n es fruto de un proyecto entre Surt y un equipo de periodistas -Maria Altimira, Quique Badia, David Meseguer y Pablo Tosco- que fue seleccionado por la beca Devreporter 2019-2020, concedida por <a href=\"https:\/\/www.lafede.cat\/en\/\">La Fede.cat<\/a> y financiada por el proyecto europeo Frame, Voice, Report!<\/p>\n<p>Se puede visitar en el espacio Matar\u00f3 Connecta, plaza de la Muralla, 21 de Matar\u00f3.<\/p>","protected":false},"excerpt":{"rendered":"<p>&#8220;Sobrevivir a los campos de fresas&#8221; en Matar\u00f3 Hasta el pr\u00f3ximo 28 de noviembre se puede visitar la exposici\u00f3n \u201cSobrevivir a los campos de fresas\u201d en Matar\u00f3. La exposici\u00f3n es fruto de un proyecto entre Surt y un equipo de periodistas -Maria Altimira, Quique Badia, David Meseguer y Pablo Tosco- que fue seleccionado por la [&hellip;]<\/p>","protected":false},"author":1,"featured_media":0,"comment_status":"open","ping_status":"closed","sticky":false,"template":"","format":"standard","meta":{"footnotes":""},"categories":[81],"tags":[2056],"class_list":["post-21251","post","type-post","status-publish","format-standard","hentry","category-actualidad-es","tag-violencia-masclista-es-2-es"],"_links":{"self":[{"href":"https:\/\/surt.org\/es\/wp-json\/wp\/v2\/posts\/21251","targetHints":{"allow":["GET"]}}],"collection":[{"href":"https:\/\/surt.org\/es\/wp-json\/wp\/v2\/posts"}],"about":[{"href":"https:\/\/surt.org\/es\/wp-json\/wp\/v2\/types\/post"}],"author":[{"embeddable":true,"href":"https:\/\/surt.org\/es\/wp-json\/wp\/v2\/users\/1"}],"replies":[{"embeddable":true,"href":"https:\/\/surt.org\/es\/wp-json\/wp\/v2\/comments?post=21251"}],"version-history":[{"count":2,"href":"https:\/\/surt.org\/es\/wp-json\/wp\/v2\/posts\/21251\/revisions"}],"predecessor-version":[{"id":27091,"href":"https:\/\/surt.org\/es\/wp-json\/wp\/v2\/posts\/21251\/revisions\/27091"}],"wp:attachment":[{"href":"https:\/\/surt.org\/es\/wp-json\/wp\/v2\/media?parent=21251"}],"wp:term":[{"taxonomy":"category","embeddable":true,"href":"https:\/\/surt.org\/es\/wp-json\/wp\/v2\/categories?post=21251"},{"taxonomy":"post_tag","embeddable":true,"href":"https:\/\/surt.org\/es\/wp-json\/wp\/v2\/tags?post=21251"}],"curies":[{"name":"wp","href":"https:\/\/api.w.org\/{rel}","templated":true}]}}