{"id":21210,"date":"2023-11-21T13:37:03","date_gmt":"2023-11-21T12:37:03","guid":{"rendered":"https:\/\/www.surt.org\/?p=21210"},"modified":"2024-09-28T13:36:17","modified_gmt":"2024-09-28T11:36:17","slug":"por-30-anos-mas-construyendo-vinculos","status":"publish","type":"post","link":"https:\/\/surt.org\/es\/por-30-anos-mas-construyendo-vinculos\/","title":{"rendered":"Por 30 a\u00f1os m\u00e1s construyendo v\u00ednculos"},"content":{"rendered":"<figure class=\"wp-block-image size-full\"><img fetchpriority=\"high\" decoding=\"async\" width=\"1014\" height=\"673\" src=\"https:\/\/surt.org\/wp-content\/uploads\/2023\/11\/398586238_734459432056923_9049152041127974091_n.jpg\" alt=\"\" class=\"wp-image-27094\" srcset=\"https:\/\/surt.org\/wp-content\/uploads\/2023\/11\/398586238_734459432056923_9049152041127974091_n.jpg 1014w, https:\/\/surt.org\/wp-content\/uploads\/2023\/11\/398586238_734459432056923_9049152041127974091_n-300x199.jpg 300w, https:\/\/surt.org\/wp-content\/uploads\/2023\/11\/398586238_734459432056923_9049152041127974091_n-18x12.jpg 18w\" sizes=\"(max-width: 1014px) 100vw, 1014px\" \/><\/figure>\n\n\n\n<h2 class=\"wp-block-heading\">Por 30 a\u00f1os m\u00e1s construyendo v\u00ednculos<\/h2>\n\n\n<p>Os dejamos una recopilaci\u00f3n de fotograf\u00edas de c\u00f3mo fue el acto central en el que quisimos celebrar este aniversario.<\/p>\n<p>En el acto, conducido por la periodista de <em>Cr\u00edtic<\/em> Laura Aznar, contamos con la presencia de muchas entidades y amistades que nos acompa\u00f1aste\u00eds. Queremos agradec\u00e9rselo a todas y todos , en especial, la participaci\u00f3n de Xesca Mu\u00f1oz, Carolina Nieto, Montse Santolino de <em>LaFede.cat<\/em>, \u00c0ngels Seix de <em>Drac M\u00e0gic<\/em>, M\u00f3nica Soler de <em>SICAR<\/em>, Enric Canet de <em>Tot Raval<\/em>, Nati Veraguas de <em>Dones amb Empenta<\/em>, Carolina Pall\u00e0s de <em>Prohabitatge<\/em> y S\u00f2nia Moragrega de <em>Interm\u00e8dia<\/em>. Tambi\u00e9n contamos con la participaci\u00f3n de la Honorable Consellera de Feminismos e Igualdad, T\u00e0nia Verge, la concejala de Salud del Ayuntamiento de Barcelona, Marta Villanueva y Eva Bar\u00f3 diputada de Feminismos de la Diputaci\u00f3n de Barcelona.<\/p>\n<p>Estos 30 a\u00f1os Surt ha crecido gracias al apoyo mutuo y las complicidades creadas: v\u00ednculos entre mujeres y dentro del movimiento feminista; v\u00ednculos dentro del contexto en el que act\u00faa, con organizaciones sociales, y tambi\u00e9n con administraciones y con el tejido econ\u00f3mico del pa\u00eds.<\/p>\n<p>Gracias por el acompa\u00f1amiento. \u00a1Seguimos haciendo V\u00ednculo!<\/p>\n<p><img decoding=\"async\" class=\"alignnone size-medium wp-image-21205\" src=\"https:\/\/www.surt.org\/wp-content\/uploads\/2023\/11\/398549399_734460125390187_3204203386865894984_n-300x196.jpg\" alt=\"\" width=\"300\" height=\"196\" \/><img decoding=\"async\" class=\"alignnone size-medium wp-image-21202\" src=\"https:\/\/www.surt.org\/wp-content\/uploads\/2023\/11\/398538962_734456835390516_3585243086760706038_n-300x199.jpg\" alt=\"\" width=\"300\" height=\"199\" \/><img loading=\"lazy\" decoding=\"async\" class=\"alignnone size-medium wp-image-21199\" src=\"https:\/\/www.surt.org\/wp-content\/uploads\/2023\/11\/398534435_734457022057164_3540625877779862156_n-300x202.jpg\" alt=\"\" width=\"300\" height=\"202\" \/><img loading=\"lazy\" decoding=\"async\" class=\"alignnone size-medium wp-image-21196\" src=\"https:\/\/www.surt.org\/wp-content\/uploads\/2023\/11\/398519675_734459935390206_6601507037291520375_n-300x199.jpg\" alt=\"\" width=\"300\" height=\"199\" \/><img loading=\"lazy\" decoding=\"async\" class=\"alignnone size-medium wp-image-21193\" src=\"https:\/\/www.surt.org\/wp-content\/uploads\/2023\/11\/398476172_734457342057132_6549783946415568055_n-300x197.jpg\" alt=\"\" width=\"300\" height=\"197\" \/><img loading=\"lazy\" decoding=\"async\" class=\"alignnone size-medium wp-image-21190\" src=\"https:\/\/www.surt.org\/wp-content\/uploads\/2023\/11\/398445946_734456638723869_1803965432482591082_n-300x199.jpg\" alt=\"\" width=\"300\" height=\"199\" \/><img loading=\"lazy\" decoding=\"async\" class=\"alignnone size-medium wp-image-21187\" src=\"https:\/\/www.surt.org\/wp-content\/uploads\/2023\/11\/398442261_734457202057146_6234950426730669809_n-300x201.jpg\" alt=\"\" width=\"300\" height=\"201\" \/><img loading=\"lazy\" decoding=\"async\" class=\"alignnone size-medium wp-image-21184\" src=\"https:\/\/www.surt.org\/wp-content\/uploads\/2023\/11\/398426806_734457648723768_2118857586208628401_n-300x200.jpg\" alt=\"\" width=\"300\" height=\"200\" \/><img loading=\"lazy\" decoding=\"async\" class=\"alignnone size-medium wp-image-21181\" src=\"https:\/\/www.surt.org\/wp-content\/uploads\/2023\/11\/398415840_734457462057120_1904613851676003050_n-300x199.jpg\" alt=\"\" width=\"300\" height=\"199\" \/><img loading=\"lazy\" decoding=\"async\" class=\"alignnone size-medium wp-image-21178\" src=\"https:\/\/www.surt.org\/wp-content\/uploads\/2023\/11\/398354250_734459678723565_4655649443324431430_n-300x199.jpg\" alt=\"\" width=\"300\" height=\"199\" \/><img loading=\"lazy\" decoding=\"async\" class=\"alignnone size-medium wp-image-21208\" src=\"https:\/\/www.surt.org\/wp-content\/uploads\/2023\/11\/398563162_734459285390271_6096624207766112341_n-300x198.jpg\" alt=\"\" width=\"300\" height=\"198\" \/><\/p>","protected":false},"excerpt":{"rendered":"<p>Por 30 a\u00f1os m\u00e1s construyendo v\u00ednculos Os dejamos una recopilaci\u00f3n de fotograf\u00edas de c\u00f3mo fue el acto central en el que quisimos celebrar este aniversario. En el acto, conducido por la periodista de Cr\u00edtic Laura Aznar, contamos con la presencia de muchas entidades y amistades que nos acompa\u00f1aste\u00eds. Queremos agradec\u00e9rselo a todas y todos , [&hellip;]<\/p>","protected":false},"author":1,"featured_media":0,"comment_status":"closed","ping_status":"closed","sticky":false,"template":"","format":"standard","meta":{"footnotes":""},"categories":[81],"tags":[],"class_list":["post-21210","post","type-post","status-publish","format-standard","hentry","category-actualidad-es"],"_links":{"self":[{"href":"https:\/\/surt.org\/es\/wp-json\/wp\/v2\/posts\/21210","targetHints":{"allow":["GET"]}}],"collection":[{"href":"https:\/\/surt.org\/es\/wp-json\/wp\/v2\/posts"}],"about":[{"href":"https:\/\/surt.org\/es\/wp-json\/wp\/v2\/types\/post"}],"author":[{"embeddable":true,"href":"https:\/\/surt.org\/es\/wp-json\/wp\/v2\/users\/1"}],"replies":[{"embeddable":true,"href":"https:\/\/surt.org\/es\/wp-json\/wp\/v2\/comments?post=21210"}],"version-history":[{"count":2,"href":"https:\/\/surt.org\/es\/wp-json\/wp\/v2\/posts\/21210\/revisions"}],"predecessor-version":[{"id":27095,"href":"https:\/\/surt.org\/es\/wp-json\/wp\/v2\/posts\/21210\/revisions\/27095"}],"wp:attachment":[{"href":"https:\/\/surt.org\/es\/wp-json\/wp\/v2\/media?parent=21210"}],"wp:term":[{"taxonomy":"category","embeddable":true,"href":"https:\/\/surt.org\/es\/wp-json\/wp\/v2\/categories?post=21210"},{"taxonomy":"post_tag","embeddable":true,"href":"https:\/\/surt.org\/es\/wp-json\/wp\/v2\/tags?post=21210"}],"curies":[{"name":"wp","href":"https:\/\/api.w.org\/{rel}","templated":true}]}}