{"id":15001,"date":"2021-01-15T12:27:12","date_gmt":"2021-01-15T11:27:12","guid":{"rendered":"https:\/\/www.surt.org\/?p=15001"},"modified":"2024-09-28T16:51:58","modified_gmt":"2024-09-28T14:51:58","slug":"surt-inicia-la-formacion-puentes-para-la-acogida-que-permitira-a-mujeres-migradas-obtener-el-certificado-del-servicio-de-primera-acogida","status":"publish","type":"post","link":"https:\/\/surt.org\/es\/surt-inicia-la-formacion-puentes-para-la-acogida-que-permitira-a-mujeres-migradas-obtener-el-certificado-del-servicio-de-primera-acogida\/","title":{"rendered":"Surt abre la formaci\u00f3n &#8216;Puentes para la acogida&#8217; que permitir\u00e1 a mujeres migradas obtener el Certificado del Servicio de Primera Acogida"},"content":{"rendered":"<div class=\"wp-block-image\">\n<figure class=\"aligncenter size-large\"><img fetchpriority=\"high\" decoding=\"async\" width=\"1024\" height=\"683\" src=\"https:\/\/surt.org\/wp-content\/uploads\/2020\/12\/img_4544-scaled-1-1024x683.jpg\" alt=\"\" class=\"wp-image-27254\" srcset=\"https:\/\/surt.org\/wp-content\/uploads\/2020\/12\/img_4544-scaled-1-1024x683.jpg 1024w, https:\/\/surt.org\/wp-content\/uploads\/2020\/12\/img_4544-scaled-1-300x200.jpg 300w, https:\/\/surt.org\/wp-content\/uploads\/2020\/12\/img_4544-scaled-1-18x12.jpg 18w\" sizes=\"(max-width: 1024px) 100vw, 1024px\" \/><\/figure>\n<\/div>\n\n\n<h2 class=\"wp-block-heading\">Surt abre la formaci\u00f3n &#8216;Puentes para la acogida&#8217; que permitir\u00e1 a mujeres migradas obtener el Certificado del Servicio de Primera Acogida<\/h2>\n\n\n<p>Surt ofrece la formaci\u00f3n &#8216;Puentes para la acogida&#8217;, dirigida a obtener el Certificado del Servicio de Primera Acogida, que resulta \u00fatil en procesos de extranjer\u00eda como por ejemplo el arraigo social, la modificaci\u00f3n y\/o renovaci\u00f3n de autorizaciones de residencia o la adquisici\u00f3n de la nacionalidad.<\/p>\n<p>Esta formaci\u00f3n va dirigida a personas extranjeras migradas, a solicitantes de asilo o de protecci\u00f3n subsidiaria, a personas refugiadas, ap\u00e1tridas y retornadas mayores de 16 a\u00f1os, que sean solicitantes del Servicio de Primera Acogida.<\/p>\n<p>El mi\u00e9rcoles d\u00eda 20 de enero a las 10:00h s?ofrecer\u00e1 una reuni\u00f3n informativa a las oficinas de Sale (c\/Gu\u00e0rdia, 14, bajos, Barcelona). Los certificados otorgados a las participantes una vez finalizados los m\u00f3dulos, ser\u00e1n oficiales y tendr\u00e1n validez para poder tramitar la\u00a0Certificaci\u00f3n Oficial del Servicio de Primera Acogida de la Generalitat de Catalu\u00f1a.<\/p>\n<p>S?ofrecer\u00e1n tres ediciones d?esta formaci\u00f3n:<\/p>\n<p>Primera Edici\u00f3n: Del 20 de enero al 25 de marzo, los lunes, mi\u00e9rcoles y viernes.<br \/>\nSegunda Edici\u00f3n: Del 19 d?abril al 21 de julio, los lunes, mi\u00e9rcoles y viernes.<br \/>\nTercera Edici\u00f3n: Del 13 de septiembre al 25 d?octubre, de lunes a jueves.<\/p>\n<p>La formaci\u00f3n tiene una duraci\u00f3n total de 120 horas, y la conforman los tres m\u00f3dulos previstos a la Ley 10\/2010 del 7 de mayo, de Acogida de las Personas Inmigradas y de las Devueltas en Catalu\u00f1a:<\/p>\n<p>M\u00f3dulo A: Competencias ling\u00fc\u00edsticas b\u00e1sicas en catal\u00e1n (90h)<br \/>\nM\u00f3dulo B: Conocimientos laborales (15h)<br \/>\nM\u00f3dulo C: Conocimientos de la sociedad catalana y su marco jur\u00eddico (15h)<\/p>\n<p>El programa SADI, en que se enmarca la formaci\u00f3n, tiene el objetivo principal de favorecer procesos de inclusi\u00f3n social y laboral de las mujeres migradas en situaci\u00f3n d?irregularidad administrativa con cargas familiares o en situaci\u00f3n d?especial vulnerabilidad, para mejorar sus condiciones de vida y hacer efectivos sus derechos d?oportunidades.<\/p>\n<p>En el marco del servicio integral tambi\u00e9n se implementan acciones dirigidas al tejido empresarial, para sensibilizarlo, establecer relaciones con empresas colaboradoras y, d?esta manera, promover la implicaci\u00f3n y la corresponsabilidad desde la igualdad d?oportunidades y el respecto a la diversidad.<\/p>\n<p>As\u00ed mismo, las mujeres que participen en el programa tendr\u00e1n acceso a asesoramiento jur\u00eddico individualizado en extranjer\u00eda, al servicio de mediaci\u00f3n intercultural y apoyo individual ante casos de violencia machista.<\/p>\n<p>Para m\u00e1s informaci\u00f3n: surt@surt.org 933428380<\/p>","protected":false},"excerpt":{"rendered":"<p>Surt abre la formaci\u00f3n &#8216;Puentes para la acogida&#8217; que permitir\u00e1 a mujeres migradas obtener el Certificado del Servicio de Primera Acogida Surt ofrece la formaci\u00f3n &#8216;Puentes para la acogida&#8217;, dirigida a obtener el Certificado del Servicio de Primera Acogida, que resulta \u00fatil en procesos de extranjer\u00eda como por ejemplo el arraigo social, la modificaci\u00f3n y\/o [&hellip;]<\/p>","protected":false},"author":1,"featured_media":0,"comment_status":"closed","ping_status":"closed","sticky":false,"template":"","format":"standard","meta":{"footnotes":""},"categories":[81],"tags":[],"class_list":["post-15001","post","type-post","status-publish","format-standard","hentry","category-actualidad-es"],"_links":{"self":[{"href":"https:\/\/surt.org\/es\/wp-json\/wp\/v2\/posts\/15001","targetHints":{"allow":["GET"]}}],"collection":[{"href":"https:\/\/surt.org\/es\/wp-json\/wp\/v2\/posts"}],"about":[{"href":"https:\/\/surt.org\/es\/wp-json\/wp\/v2\/types\/post"}],"author":[{"embeddable":true,"href":"https:\/\/surt.org\/es\/wp-json\/wp\/v2\/users\/1"}],"replies":[{"embeddable":true,"href":"https:\/\/surt.org\/es\/wp-json\/wp\/v2\/comments?post=15001"}],"version-history":[{"count":2,"href":"https:\/\/surt.org\/es\/wp-json\/wp\/v2\/posts\/15001\/revisions"}],"predecessor-version":[{"id":27288,"href":"https:\/\/surt.org\/es\/wp-json\/wp\/v2\/posts\/15001\/revisions\/27288"}],"wp:attachment":[{"href":"https:\/\/surt.org\/es\/wp-json\/wp\/v2\/media?parent=15001"}],"wp:term":[{"taxonomy":"category","embeddable":true,"href":"https:\/\/surt.org\/es\/wp-json\/wp\/v2\/categories?post=15001"},{"taxonomy":"post_tag","embeddable":true,"href":"https:\/\/surt.org\/es\/wp-json\/wp\/v2\/tags?post=15001"}],"curies":[{"name":"wp","href":"https:\/\/api.w.org\/{rel}","templated":true}]}}