{"id":14780,"date":"2020-12-22T14:42:51","date_gmt":"2020-12-22T13:42:51","guid":{"rendered":"https:\/\/www.surt.org\/?p=14780"},"modified":"2024-09-28T16:42:28","modified_gmt":"2024-09-28T14:42:28","slug":"surt-estudia-el-impacto-de-la-crisis-economica-derivada-de-la-pandemia-en-las-mujeres","status":"publish","type":"post","link":"https:\/\/surt.org\/es\/surt-estudia-el-impacto-de-la-crisis-economica-derivada-de-la-pandemia-en-las-mujeres\/","title":{"rendered":"Surt estudia el impacto de la crisis econ\u00f3mica derivada de la pandemia en las mujeres"},"content":{"rendered":"<div class=\"wp-block-image\">\n<figure class=\"aligncenter size-large\"><img fetchpriority=\"high\" decoding=\"async\" width=\"1024\" height=\"683\" src=\"https:\/\/surt.org\/wp-content\/uploads\/2020\/12\/img_4544-scaled-2-1024x683.jpg\" alt=\"\" class=\"wp-image-27264\" srcset=\"https:\/\/surt.org\/wp-content\/uploads\/2020\/12\/img_4544-scaled-2-1024x683.jpg 1024w, https:\/\/surt.org\/wp-content\/uploads\/2020\/12\/img_4544-scaled-2-300x200.jpg 300w, https:\/\/surt.org\/wp-content\/uploads\/2020\/12\/img_4544-scaled-2-18x12.jpg 18w\" sizes=\"(max-width: 1024px) 100vw, 1024px\" \/><\/figure>\n<\/div>\n\n\n<h2 class=\"wp-block-heading\">Surt estudia el impacto de la crisis econ\u00f3mica derivada de la pandemia en las mujeres<\/h2>\n\n\n<p>Surt ha iniciado el an\u00e1lisis de los datos de la crisis desencadenada bajo la pandemia de Covid-19 desde una perspectiva de g\u00e9nero. Con el apoyo del Departamento de Trabajo, Asuntos sociales y Familias, la entidad se plantea conocer los perfiles sociodemogr\u00e1ficos y la situaci\u00f3n laboral y econ\u00f3mica de las mujeres participantes en programas seleccionados de Surt, Prohabitatge e Intermedia para as\u00ed conocer como afecta la coyuntura econ\u00f3mica en la actividad y la ocupaci\u00f3n de las mujeres y en la feminizaci\u00f3n de la pobreza.<\/p>\n<p>A partir de estos datos, se analizar\u00e1n las estrategias para afrontar la crisis, as\u00ed como la calidad de la ocupaci\u00f3n de las mujeres en el mercado de trabajo remunerado en tiempo de crisis, con el objetivo de identificar estrategias futuras de intervenci\u00f3n que respondan a las necesidades de las mujeres en el nuevo contexto.<\/p>\n<p>Desde Surt se cree necesario hacer este an\u00e1lisis desde una perspectiva de g\u00e9nero, teniendo en cuenta, de forma especifica, la precarizaci\u00f3n del trabajo remunerado de las mujeres, la distribuci\u00f3n de las tareas de cuidados, la organizaci\u00f3n del tiempo de teletrabajo as\u00ed como las situaciones de desocupaci\u00f3n del mercado laboral que tienen las mujeres.<\/p>\n<p>El estudio analiza, desde una perspectiva de g\u00e9nero, los estudios realizados sobre los impactos sociales de la pandemia y grupos de discusi\u00f3n de profesionales y usuarias para recoger y visibilitzar las experiencias directas de las mujeres en este periodo de crisis.<\/p>","protected":false},"excerpt":{"rendered":"<p>Surt estudia el impacto de la crisis econ\u00f3mica derivada de la pandemia en las mujeres Surt ha iniciado el an\u00e1lisis de los datos de la crisis desencadenada bajo la pandemia de Covid-19 desde una perspectiva de g\u00e9nero. Con el apoyo del Departamento de Trabajo, Asuntos sociales y Familias, la entidad se plantea conocer los perfiles [&hellip;]<\/p>","protected":false},"author":1,"featured_media":0,"comment_status":"open","ping_status":"closed","sticky":false,"template":"","format":"standard","meta":{"footnotes":""},"categories":[81],"tags":[],"class_list":["post-14780","post","type-post","status-publish","format-standard","hentry","category-actualidad-es"],"_links":{"self":[{"href":"https:\/\/surt.org\/es\/wp-json\/wp\/v2\/posts\/14780","targetHints":{"allow":["GET"]}}],"collection":[{"href":"https:\/\/surt.org\/es\/wp-json\/wp\/v2\/posts"}],"about":[{"href":"https:\/\/surt.org\/es\/wp-json\/wp\/v2\/types\/post"}],"author":[{"embeddable":true,"href":"https:\/\/surt.org\/es\/wp-json\/wp\/v2\/users\/1"}],"replies":[{"embeddable":true,"href":"https:\/\/surt.org\/es\/wp-json\/wp\/v2\/comments?post=14780"}],"version-history":[{"count":2,"href":"https:\/\/surt.org\/es\/wp-json\/wp\/v2\/posts\/14780\/revisions"}],"predecessor-version":[{"id":27265,"href":"https:\/\/surt.org\/es\/wp-json\/wp\/v2\/posts\/14780\/revisions\/27265"}],"wp:attachment":[{"href":"https:\/\/surt.org\/es\/wp-json\/wp\/v2\/media?parent=14780"}],"wp:term":[{"taxonomy":"category","embeddable":true,"href":"https:\/\/surt.org\/es\/wp-json\/wp\/v2\/categories?post=14780"},{"taxonomy":"post_tag","embeddable":true,"href":"https:\/\/surt.org\/es\/wp-json\/wp\/v2\/tags?post=14780"}],"curies":[{"name":"wp","href":"https:\/\/api.w.org\/{rel}","templated":true}]}}