{"id":14260,"date":"2020-10-28T14:21:48","date_gmt":"2020-10-28T13:21:48","guid":{"rendered":"https:\/\/www.surt.org\/?p=14260"},"modified":"2024-09-28T16:17:16","modified_gmt":"2024-09-28T14:17:16","slug":"accio-renova-el-conveni-amb-surt-per-continuar-acompanyant-lentitat-en-el-proces-dinternacionalitzacio","status":"publish","type":"post","link":"https:\/\/surt.org\/es\/accio-renova-el-conveni-amb-surt-per-continuar-acompanyant-lentitat-en-el-proces-dinternacionalitzacio\/","title":{"rendered":"ACCI\u00d3 renueva el convenio con Surt para continuar acompa\u00f1ando a la entidad en el proceso de internacionalizaci\u00f3n"},"content":{"rendered":"<div class=\"wp-block-image\">\n<figure class=\"aligncenter size-large\"><img fetchpriority=\"high\" decoding=\"async\" width=\"1024\" height=\"156\" src=\"https:\/\/surt.org\/wp-content\/uploads\/2020\/10\/captura-5-1024x156.png\" alt=\"\" class=\"wp-image-27206\" srcset=\"https:\/\/surt.org\/wp-content\/uploads\/2020\/10\/captura-5-1024x156.png 1024w, https:\/\/surt.org\/wp-content\/uploads\/2020\/10\/captura-5-300x46.png 300w, https:\/\/surt.org\/wp-content\/uploads\/2020\/10\/captura-5-18x3.png 18w, https:\/\/surt.org\/wp-content\/uploads\/2020\/10\/captura-5.png 1364w\" sizes=\"(max-width: 1024px) 100vw, 1024px\" \/><\/figure>\n<\/div>\n\n\n<h2 class=\"wp-block-heading\">ACCI\u00d3 renueva el convenio con Surt para continuar acompa\u00f1ando a la entidad en el proceso de internacionalizaci\u00f3n<\/h2>\n\n\n<p>ACCI\u00d3 ha renovado el convenio con Surt para continuar acompa\u00f1ando a la entidad en el proceso de internacionalizaci\u00f3n. &#8220;El asesoramiento de ACCI\u00d3 durante el a\u00f1o ha sido una oportunidad de abrir la mirada, porque trabajamos con fondos europeos desde hace muchos a\u00f1os pero el asesoramiento nos ha ayudado a ver otras oportunidades tanto dentro de Europa as\u00ed como tambi\u00e9n otras opciones internacionales&#8221;, explica Laura Sales, jefa del \u00e1mbito de investigaci\u00f3n de Surt.<\/p>\n<p>Este departamento, presente a la entidad desde el inicio, en 1993, &#8220;siempre ha querido introducir innovaci\u00f3n en los programas de atenci\u00f3n a las mujeres y lo ha hecho a partir de financiaci\u00f3n europea&#8221;, ha explicado Sales en una jornada de ACCI\u00d3 a la que ha sido invitada para compartir la experiencia internacional de la entidad. Ha participado junto a otras organizaciones que cuentan con el acompa\u00f1amiento de esta agencia de la Generalitat de Catalunya dentro del <a href=\"https:\/\/www.accio.gencat.cat\/ca\/accio\/premsa-comunicacio\/cercador-premsa-actualitat\/article\/21102020-Economia-social-internacional?utm_source=twitterg&amp;utm_medium=xxss&amp;utm_campaign=xxss\" target=\"_blank\" rel=\"noopener noreferrer\">programa de asesoramiento para la internacionalizaci\u00f3n de la econom\u00eda social.<\/a><\/p>\n<p>Si bien el impacto social de la pandemia de covid-19 ha forzado Surt a &#8220;reajustar las prioridades&#8221; y esto ha afectado las perspectivas de ampliar la acci\u00f3n internacional,\u00a0 la actividad europea de Surt se ha mantenido con nueve proyectos de investigaci\u00f3n activos.<\/p>\n<p><iframe title=\"Laura Sales, cap de recerca de Surt, participa en una jornada d&#039;Acci\u00f3 adre\u00e7ada a empreses socials\" width=\"780\" height=\"585\" src=\"https:\/\/www.youtube.com\/embed\/Lm7vuo_-TNE?feature=oembed\" frameborder=\"0\" allow=\"accelerometer; autoplay; clipboard-write; encrypted-media; gyroscope; picture-in-picture; web-share\" referrerpolicy=\"strict-origin-when-cross-origin\" allowfullscreen><\/iframe><\/p>","protected":false},"excerpt":{"rendered":"<p>ACCI\u00d3 renueva el convenio con Surt para continuar acompa\u00f1ando a la entidad en el proceso de internacionalizaci\u00f3n ACCI\u00d3 ha renovado el convenio con Surt para continuar acompa\u00f1ando a la entidad en el proceso de internacionalizaci\u00f3n. &#8220;El asesoramiento de ACCI\u00d3 durante el a\u00f1o ha sido una oportunidad de abrir la mirada, porque trabajamos con fondos europeos [&hellip;]<\/p>","protected":false},"author":1,"featured_media":0,"comment_status":"open","ping_status":"closed","sticky":false,"template":"","format":"standard","meta":{"footnotes":""},"categories":[81],"tags":[],"class_list":["post-14260","post","type-post","status-publish","format-standard","hentry","category-actualidad-es"],"_links":{"self":[{"href":"https:\/\/surt.org\/es\/wp-json\/wp\/v2\/posts\/14260","targetHints":{"allow":["GET"]}}],"collection":[{"href":"https:\/\/surt.org\/es\/wp-json\/wp\/v2\/posts"}],"about":[{"href":"https:\/\/surt.org\/es\/wp-json\/wp\/v2\/types\/post"}],"author":[{"embeddable":true,"href":"https:\/\/surt.org\/es\/wp-json\/wp\/v2\/users\/1"}],"replies":[{"embeddable":true,"href":"https:\/\/surt.org\/es\/wp-json\/wp\/v2\/comments?post=14260"}],"version-history":[{"count":2,"href":"https:\/\/surt.org\/es\/wp-json\/wp\/v2\/posts\/14260\/revisions"}],"predecessor-version":[{"id":27207,"href":"https:\/\/surt.org\/es\/wp-json\/wp\/v2\/posts\/14260\/revisions\/27207"}],"wp:attachment":[{"href":"https:\/\/surt.org\/es\/wp-json\/wp\/v2\/media?parent=14260"}],"wp:term":[{"taxonomy":"category","embeddable":true,"href":"https:\/\/surt.org\/es\/wp-json\/wp\/v2\/categories?post=14260"},{"taxonomy":"post_tag","embeddable":true,"href":"https:\/\/surt.org\/es\/wp-json\/wp\/v2\/tags?post=14260"}],"curies":[{"name":"wp","href":"https:\/\/api.w.org\/{rel}","templated":true}]}}